[{"@context":"https:\/\/schema.org\/","@type":"Article","@id":"https:\/\/www.kalf.cz\/pr-clanky\/#Article","mainEntityOfPage":"https:\/\/www.kalf.cz\/pr-clanky\/","headline":"Pr \u010dl\u00e1nky","name":"Pr \u010dl\u00e1nky","description":"Kdy\u017e chcete dos\u00e1hnout vy\u0161\u0161\u00edch zisk\u016f p\u0159i sv\u00e9m podnik\u00e1n\u00ed, nem\u016f\u017eete ho nechat jen le\u017eet ladem, mus\u00edte j\u00edt sv\u00e9mu \u00fasp\u011bchu naproti. A jak jinak a jak l\u00e9pe to ud\u011blat ne\u017e s na\u0161\u00ed pomoc\u00ed? Pr \u010dl\u00e1nky nab\u00edzej\u00ed pomoc, vyu\u017eijte ji. Nechte si pomoci! Pr \u010dl\u00e1nky Vyplat\u00ed se investovat do spr\u00e1vn\u00e9 a dob\u0159e zac\u00edlen\u00e9 reklamy. P\u0159eci jenom, reklama na [&hellip;]","datePublished":"2025-04-24","dateModified":"2025-04-24","author":{"@type":"Person","@id":"https:\/\/www.kalf.cz\/author\/#Person","name":"","url":"https:\/\/www.kalf.cz\/author\/","identifier":1,"image":{"@type":"ImageObject","@id":"https:\/\/secure.gravatar.com\/avatar\/f677d652d46d6437b40497bee38030612d53a3103b24904f519be33cae485306?s=96&d=mm&r=g","url":"https:\/\/secure.gravatar.com\/avatar\/f677d652d46d6437b40497bee38030612d53a3103b24904f519be33cae485306?s=96&d=mm&r=g","height":96,"width":96}},"publisher":{"@type":"Organization","name":"kalf.cz","logo":{"@type":"ImageObject","@id":"\/logo.png","url":"\/logo.png","width":600,"height":60}},"url":"https:\/\/www.kalf.cz\/pr-clanky\/","wordCount":182,"articleBody":" Kdy\u017e chcete dos\u00e1hnout vy\u0161\u0161\u00edch zisk\u016f p\u0159i sv\u00e9m podnik\u00e1n\u00ed, nem\u016f\u017eete ho nechat jen le\u017eet ladem, mus\u00edte j\u00edt sv\u00e9mu \u00fasp\u011bchu naproti. A jak jinak a jak l\u00e9pe to ud\u011blat ne\u017e s na\u0161\u00ed pomoc\u00ed? Pr \u010dl\u00e1nky nab\u00edzej\u00ed pomoc, vyu\u017eijte ji. Nechte si pomoci! Pr \u010dl\u00e1nky Vyplat\u00ed se investovat do spr\u00e1vn\u00e9 a dob\u0159e zac\u00edlen\u00e9 reklamy. P\u0159eci jenom, reklama na nespr\u00e1vn\u00e9m m\u00edst\u011b \u010di zam\u011b\u0159en\u00e1 na \u0161patnou skupinu z\u00e1kazn\u00edk\u016f se pravd\u011bpodobn\u011b mine \u00fa\u010dinkem. Pr \u010dl\u00e1nky V\u00e1m pomohou k \u00fasp\u011bchu a v\u011bt\u0161\u00ed klientele! Pr je d\u016fle\u017eit\u00e9 pro ka\u017ed\u00fd podnik Pr \u010dl\u00e1nky budou d\u016fle\u017eit\u00e9 pro ka\u017ed\u00fd podnik, a\u0165 u\u017e je mal\u00fd \u010di zam\u011bstn\u00e1v\u00e1 stovky pracovn\u00edk\u016f. Oba typy podnik\u00e1n\u00ed maj\u00ed spole\u010dn\u00fd c\u00edl &#8211; vyd\u011bl\u00e1vat pen\u00edze. A to bez spr\u00e1vn\u011b zac\u00edlen\u00e9 reklamy zkr\u00e1tka a dob\u0159e nejde. My se V\u00e1m o spr\u00e1vnou prezentaci postar\u00e1me, nechejte to na n\u00e1s!                                                                                                                                                                                                                                                                                                                                                                                                "},{"@context":"https:\/\/schema.org\/","@type":"BreadcrumbList","itemListElement":[{"@type":"ListItem","position":1,"name":"Pr \u010dl\u00e1nky","item":"https:\/\/www.kalf.cz\/pr-clanky\/#breadcrumbitem"}]}]