[{"@context":"https:\/\/schema.org\/","@type":"Blog","@id":"https:\/\/www.kalf.cz#Blog","headline":"Kalf","description":"\nJsou i lid\u00e9, kte\u0159\u00ed jsou sk\u00e1lopevn\u011b p\u0159esv\u011bd\u010deni, \u017ee na na\u0161em webu l\u017eeme a podv\u00e1d\u00edme. Ale my se na n\u011b nezlob\u00edme. A p\u0159ejeme jim, aby se v bl\u00e1zinci, kde \u017eij\u00ed, brzy uzdravili.","url":"https:\/\/www.kalf.cz","hasPart":[{"@type":"Article","@id":"https:\/\/www.kalf.cz\/kontakty-a-dulezite-informace\/","headline":"Kontakty a d\u016fle\u017eit\u00e9 informace","url":"https:\/\/www.kalf.cz\/kontakty-a-dulezite-informace\/","datePublished":"2019-09-15","dateModified":"2024-02-26","mainEntityOfPage":"https:\/\/www.kalf.cz\/kontakty-a-dulezite-informace\/","author":{"@type":"Person","@id":"https:\/\/www.kalf.cz\/author\/#Person","name":"","url":"https:\/\/www.kalf.cz\/author\/","identifier":1,"image":{"@type":"ImageObject","@id":"https:\/\/secure.gravatar.com\/avatar\/f677d652d46d6437b40497bee38030612d53a3103b24904f519be33cae485306?s=96&d=mm&r=g","url":"https:\/\/secure.gravatar.com\/avatar\/f677d652d46d6437b40497bee38030612d53a3103b24904f519be33cae485306?s=96&d=mm&r=g","height":96,"width":96}},"publisher":{"@type":"Organization","name":"kalf.cz","logo":{"@type":"ImageObject","@id":"\/logo.png","url":"\/logo.png","width":600,"height":60}},"image":{"@type":"ImageObject","@id":"https:\/\/www.kalf.cz\/wp-content\/uploads\/img_a351783_w1721_t1566288702.jpg","url":"https:\/\/www.kalf.cz\/wp-content\/uploads\/img_a351783_w1721_t1566288702.jpg","height":0,"width":0},"wordCount":542,"keywords":null},{"@type":"Article","@id":"https:\/\/www.kalf.cz\/vypinace-schneider-si-jednoduse-zamilujete\/","headline":"Vyp\u00edna\u010de schneider si jednodu\u0161e zamilujete","url":"https:\/\/www.kalf.cz\/vypinace-schneider-si-jednoduse-zamilujete\/","datePublished":"2019-09-14","dateModified":"2023-07-24","mainEntityOfPage":"https:\/\/www.kalf.cz\/vypinace-schneider-si-jednoduse-zamilujete\/","author":{"@type":"Person","@id":"https:\/\/www.kalf.cz\/author\/#Person","name":"","url":"https:\/\/www.kalf.cz\/author\/","identifier":1,"image":{"@type":"ImageObject","@id":"https:\/\/secure.gravatar.com\/avatar\/f677d652d46d6437b40497bee38030612d53a3103b24904f519be33cae485306?s=96&d=mm&r=g","url":"https:\/\/secure.gravatar.com\/avatar\/f677d652d46d6437b40497bee38030612d53a3103b24904f519be33cae485306?s=96&d=mm&r=g","height":96,"width":96}},"publisher":{"@type":"Organization","name":"kalf.cz","logo":{"@type":"ImageObject","@id":"\/logo.png","url":"\/logo.png","width":600,"height":60}},"image":{"@type":"ImageObject","@id":"https:\/\/www.kalf.cz\/wp-content\/uploads\/img_a343783_w3185_t1557138289.jpg","url":"https:\/\/www.kalf.cz\/wp-content\/uploads\/img_a343783_w3185_t1557138289.jpg","height":0,"width":0},"wordCount":507,"keywords":null},{"@type":"Article","@id":"https:\/\/www.kalf.cz\/jaky-si-vzit-uver\/","headline":"Jak\u00fd si vz\u00edt \u00fav\u011br?","url":"https:\/\/www.kalf.cz\/jaky-si-vzit-uver\/","datePublished":"2019-09-14","dateModified":"2023-05-05","mainEntityOfPage":"https:\/\/www.kalf.cz\/jaky-si-vzit-uver\/","author":{"@type":"Person","@id":"https:\/\/www.kalf.cz\/author\/#Person","name":"","url":"https:\/\/www.kalf.cz\/author\/","identifier":1,"image":{"@type":"ImageObject","@id":"https:\/\/secure.gravatar.com\/avatar\/f677d652d46d6437b40497bee38030612d53a3103b24904f519be33cae485306?s=96&d=mm&r=g","url":"https:\/\/secure.gravatar.com\/avatar\/f677d652d46d6437b40497bee38030612d53a3103b24904f519be33cae485306?s=96&d=mm&r=g","height":96,"width":96}},"publisher":{"@type":"Organization","name":"kalf.cz","logo":{"@type":"ImageObject","@id":"\/logo.png","url":"\/logo.png","width":600,"height":60}},"image":{"@type":"ImageObject","@id":"https:\/\/www.kalf.cz\/wp-content\/uploads\/img_a346512_w1720_t1560853871.jpg","url":"https:\/\/www.kalf.cz\/wp-content\/uploads\/img_a346512_w1720_t1560853871.jpg","height":0,"width":0},"wordCount":551,"keywords":null},{"@type":"Article","@id":"https:\/\/www.kalf.cz\/bozi-ruka-a-dalsi-ulety-fotbalovy-bohem-maradona\/","headline":"Bo\u017e\u00ed ruka a dal\u0161\u00ed \u00falety \u2013 fotbalov\u00fd boh\u00e9m Maradona","url":"https:\/\/www.kalf.cz\/bozi-ruka-a-dalsi-ulety-fotbalovy-bohem-maradona\/","datePublished":"2019-06-12","dateModified":"2023-05-05","mainEntityOfPage":"https:\/\/www.kalf.cz\/bozi-ruka-a-dalsi-ulety-fotbalovy-bohem-maradona\/","author":{"@type":"Person","@id":"https:\/\/www.kalf.cz\/author\/#Person","name":"","url":"https:\/\/www.kalf.cz\/author\/","identifier":1,"image":{"@type":"ImageObject","@id":"https:\/\/secure.gravatar.com\/avatar\/f677d652d46d6437b40497bee38030612d53a3103b24904f519be33cae485306?s=96&d=mm&r=g","url":"https:\/\/secure.gravatar.com\/avatar\/f677d652d46d6437b40497bee38030612d53a3103b24904f519be33cae485306?s=96&d=mm&r=g","height":96,"width":96}},"publisher":{"@type":"Organization","name":"kalf.cz","logo":{"@type":"ImageObject","@id":"\/logo.png","url":"\/logo.png","width":600,"height":60}},"image":{"@type":"ImageObject","@id":"https:\/\/www.kalf.cz\/wp-content\/uploads\/img_a349010_w2566_t1563721827.png","url":"https:\/\/www.kalf.cz\/wp-content\/uploads\/img_a349010_w2566_t1563721827.png","height":0,"width":0},"wordCount":529,"keywords":null},{"@type":"Article","@id":"https:\/\/www.kalf.cz\/financovani-zivota-mladych-rodin\/","headline":"Financov\u00e1n\u00ed \u017eivota mlad\u00fdch rodin","url":"https:\/\/www.kalf.cz\/financovani-zivota-mladych-rodin\/","datePublished":"2019-06-12","dateModified":"2023-05-05","mainEntityOfPage":"https:\/\/www.kalf.cz\/financovani-zivota-mladych-rodin\/","author":{"@type":"Person","@id":"https:\/\/www.kalf.cz\/author\/#Person","name":"","url":"https:\/\/www.kalf.cz\/author\/","identifier":1,"image":{"@type":"ImageObject","@id":"https:\/\/secure.gravatar.com\/avatar\/f677d652d46d6437b40497bee38030612d53a3103b24904f519be33cae485306?s=96&d=mm&r=g","url":"https:\/\/secure.gravatar.com\/avatar\/f677d652d46d6437b40497bee38030612d53a3103b24904f519be33cae485306?s=96&d=mm&r=g","height":96,"width":96}},"publisher":{"@type":"Organization","name":"kalf.cz","logo":{"@type":"ImageObject","@id":"\/logo.png","url":"\/logo.png","width":600,"height":60}},"image":{"@type":"ImageObject","@id":"https:\/\/www.kalf.cz\/wp-content\/uploads\/img_a348819_w2566_t1563649113.jpg","url":"https:\/\/www.kalf.cz\/wp-content\/uploads\/img_a348819_w2566_t1563649113.jpg","height":0,"width":0},"wordCount":736,"keywords":null},{"@type":"Article","@id":"https:\/\/www.kalf.cz\/problemy-ve-vzdelavani\/","headline":"Probl\u00e9my ve vzd\u011bl\u00e1v\u00e1n\u00ed","url":"https:\/\/www.kalf.cz\/problemy-ve-vzdelavani\/","datePublished":"2019-06-12","dateModified":"2023-05-05","mainEntityOfPage":"https:\/\/www.kalf.cz\/problemy-ve-vzdelavani\/","author":{"@type":"Person","@id":"https:\/\/www.kalf.cz\/author\/#Person","name":"","url":"https:\/\/www.kalf.cz\/author\/","identifier":1,"image":{"@type":"ImageObject","@id":"https:\/\/secure.gravatar.com\/avatar\/f677d652d46d6437b40497bee38030612d53a3103b24904f519be33cae485306?s=96&d=mm&r=g","url":"https:\/\/secure.gravatar.com\/avatar\/f677d652d46d6437b40497bee38030612d53a3103b24904f519be33cae485306?s=96&d=mm&r=g","height":96,"width":96}},"publisher":{"@type":"Organization","name":"kalf.cz","logo":{"@type":"ImageObject","@id":"\/logo.png","url":"\/logo.png","width":600,"height":60}},"image":{"@type":"ImageObject","@id":"https:\/\/www.kalf.cz\/wp-content\/uploads\/img_a348506_w2566_t1563392138.png","url":"https:\/\/www.kalf.cz\/wp-content\/uploads\/img_a348506_w2566_t1563392138.png","height":0,"width":0},"wordCount":4461,"keywords":null},{"@type":"Article","@id":"https:\/\/www.kalf.cz\/par-tipu-pro-vytvareni-umeleckeho-weboveho-portfolia\/","headline":"P\u00e1r tip\u016f pro vytv\u00e1\u0159en\u00ed um\u011bleck\u00e9ho webov\u00e9ho portfolia","url":"https:\/\/www.kalf.cz\/par-tipu-pro-vytvareni-umeleckeho-weboveho-portfolia\/","datePublished":"2019-06-08","dateModified":"2023-05-05","mainEntityOfPage":"https:\/\/www.kalf.cz\/par-tipu-pro-vytvareni-umeleckeho-weboveho-portfolia\/","author":{"@type":"Person","@id":"https:\/\/www.kalf.cz\/author\/#Person","name":"","url":"https:\/\/www.kalf.cz\/author\/","identifier":1,"image":{"@type":"ImageObject","@id":"https:\/\/secure.gravatar.com\/avatar\/f677d652d46d6437b40497bee38030612d53a3103b24904f519be33cae485306?s=96&d=mm&r=g","url":"https:\/\/secure.gravatar.com\/avatar\/f677d652d46d6437b40497bee38030612d53a3103b24904f519be33cae485306?s=96&d=mm&r=g","height":96,"width":96}},"publisher":{"@type":"Organization","name":"kalf.cz","logo":{"@type":"ImageObject","@id":"\/logo.png","url":"\/logo.png","width":600,"height":60}},"image":{"@type":"ImageObject","@id":"https:\/\/www.kalf.cz\/wp-content\/uploads\/img_a351402_w2566_t1566044964.jpg","url":"https:\/\/www.kalf.cz\/wp-content\/uploads\/img_a351402_w2566_t1566044964.jpg","height":0,"width":0},"wordCount":567,"keywords":null},{"@type":"Article","@id":"https:\/\/www.kalf.cz\/vydejte-se-vstric-svym-planum-s-americkou-hypotekou\/","headline":"Vydejte se vst\u0159\u00edc sv\u00fdm pl\u00e1n\u016fm s americkou hypot\u00e9kou","url":"https:\/\/www.kalf.cz\/vydejte-se-vstric-svym-planum-s-americkou-hypotekou\/","datePublished":"2019-06-07","dateModified":"2023-05-05","mainEntityOfPage":"https:\/\/www.kalf.cz\/vydejte-se-vstric-svym-planum-s-americkou-hypotekou\/","author":{"@type":"Person","@id":"https:\/\/www.kalf.cz\/author\/#Person","name":"","url":"https:\/\/www.kalf.cz\/author\/","identifier":1,"image":{"@type":"ImageObject","@id":"https:\/\/secure.gravatar.com\/avatar\/f677d652d46d6437b40497bee38030612d53a3103b24904f519be33cae485306?s=96&d=mm&r=g","url":"https:\/\/secure.gravatar.com\/avatar\/f677d652d46d6437b40497bee38030612d53a3103b24904f519be33cae485306?s=96&d=mm&r=g","height":96,"width":96}},"publisher":{"@type":"Organization","name":"kalf.cz","logo":{"@type":"ImageObject","@id":"\/logo.png","url":"\/logo.png","width":600,"height":60}},"image":{"@type":"ImageObject","@id":"https:\/\/www.kalf.cz\/wp-content\/uploads\/img_a360491_w1943_t1574165570.jpg","url":"https:\/\/www.kalf.cz\/wp-content\/uploads\/img_a360491_w1943_t1574165570.jpg","height":0,"width":0},"wordCount":521,"keywords":null},{"@type":"Article","@id":"https:\/\/www.kalf.cz\/podporte-svou-pamet\/","headline":"Podpo\u0159te svou pam\u011b\u0165","url":"https:\/\/www.kalf.cz\/podporte-svou-pamet\/","datePublished":"2019-05-14","dateModified":"2023-05-05","mainEntityOfPage":"https:\/\/www.kalf.cz\/podporte-svou-pamet\/","author":{"@type":"Person","@id":"https:\/\/www.kalf.cz\/author\/#Person","name":"","url":"https:\/\/www.kalf.cz\/author\/","identifier":1,"image":{"@type":"ImageObject","@id":"https:\/\/secure.gravatar.com\/avatar\/f677d652d46d6437b40497bee38030612d53a3103b24904f519be33cae485306?s=96&d=mm&r=g","url":"https:\/\/secure.gravatar.com\/avatar\/f677d652d46d6437b40497bee38030612d53a3103b24904f519be33cae485306?s=96&d=mm&r=g","height":96,"width":96}},"publisher":{"@type":"Organization","name":"kalf.cz","logo":{"@type":"ImageObject","@id":"\/logo.png","url":"\/logo.png","width":600,"height":60}},"image":{"@type":"ImageObject","@id":"https:\/\/www.kalf.cz\/wp-content\/uploads\/img_a345134_w2566_t1558859727.jpg","url":"https:\/\/www.kalf.cz\/wp-content\/uploads\/img_a345134_w2566_t1558859727.jpg","height":0,"width":0},"wordCount":475,"keywords":null},{"@type":"Article","@id":"https:\/\/www.kalf.cz\/suseni-pradla-v-byte\/","headline":"Su\u0161en\u00ed pr\u00e1dla v byt\u011b","url":"https:\/\/www.kalf.cz\/suseni-pradla-v-byte\/","datePublished":"2019-05-13","dateModified":"2023-05-05","mainEntityOfPage":"https:\/\/www.kalf.cz\/suseni-pradla-v-byte\/","author":{"@type":"Person","@id":"https:\/\/www.kalf.cz\/author\/#Person","name":"","url":"https:\/\/www.kalf.cz\/author\/","identifier":1,"image":{"@type":"ImageObject","@id":"https:\/\/secure.gravatar.com\/avatar\/f677d652d46d6437b40497bee38030612d53a3103b24904f519be33cae485306?s=96&d=mm&r=g","url":"https:\/\/secure.gravatar.com\/avatar\/f677d652d46d6437b40497bee38030612d53a3103b24904f519be33cae485306?s=96&d=mm&r=g","height":96,"width":96}},"publisher":{"@type":"Organization","name":"kalf.cz","logo":{"@type":"ImageObject","@id":"\/logo.png","url":"\/logo.png","width":600,"height":60}},"image":{"@type":"ImageObject","@id":"https:\/\/www.kalf.cz\/wp-content\/uploads\/img_a345042_w2566_t1558804411.jpg","url":"https:\/\/www.kalf.cz\/wp-content\/uploads\/img_a345042_w2566_t1558804411.jpg","height":0,"width":0},"wordCount":538,"keywords":null}]},{"@context":"https:\/\/schema.org","@type":"WebSite","@id":"https:\/\/www.kalf.cz\/#website","name":"Kalf","url":"https:\/\/www.kalf.cz","potentialAction":{"@type":"SearchAction","target":"https:\/\/www.kalf.cz\/?s={search_term_string}","query-input":"required name=search_term_string"}}]