[{"@context":"https:\/\/schema.org\/","@type":"Blog","@id":"https:\/\/www.kalf.cz#Blog","headline":"Kalf","description":"\nJsou i lid\u00e9, kte\u0159\u00ed jsou sk\u00e1lopevn\u011b p\u0159esv\u011bd\u010deni, \u017ee na na\u0161em webu l\u017eeme a podv\u00e1d\u00edme. Ale my se na n\u011b nezlob\u00edme. A p\u0159ejeme jim, aby se v bl\u00e1zinci, kde \u017eij\u00ed, brzy uzdravili.","url":"https:\/\/www.kalf.cz","hasPart":[{"@type":"Article","@id":"https:\/\/www.kalf.cz\/kouzlo-hracek\/","headline":"Kouzlo hra\u010dek","url":"https:\/\/www.kalf.cz\/kouzlo-hracek\/","datePublished":"2020-06-22","dateModified":"2023-05-05","mainEntityOfPage":"https:\/\/www.kalf.cz\/kouzlo-hracek\/","author":{"@type":"Person","@id":"https:\/\/www.kalf.cz\/author\/#Person","name":"","url":"https:\/\/www.kalf.cz\/author\/","identifier":1,"image":{"@type":"ImageObject","@id":"https:\/\/secure.gravatar.com\/avatar\/f677d652d46d6437b40497bee38030612d53a3103b24904f519be33cae485306?s=96&d=mm&r=g","url":"https:\/\/secure.gravatar.com\/avatar\/f677d652d46d6437b40497bee38030612d53a3103b24904f519be33cae485306?s=96&d=mm&r=g","height":96,"width":96}},"publisher":{"@type":"Organization","name":"kalf.cz","logo":{"@type":"ImageObject","@id":"\/logo.png","url":"\/logo.png","width":600,"height":60}},"image":{"@type":"ImageObject","@id":"https:\/\/www.kalf.cz\/wp-content\/uploads\/d%C4%9Btsk%C3%A1%20kuchyn%C4%9B.jpg","url":"https:\/\/www.kalf.cz\/wp-content\/uploads\/d%C4%9Btsk%C3%A1%20kuchyn%C4%9B.jpg","height":0,"width":0},"wordCount":628,"keywords":null},{"@type":"Article","@id":"https:\/\/www.kalf.cz\/predsin-ktera-dokaze-zaujmout\/","headline":"P\u0159eds\u00ed\u0148, kter\u00e1 dok\u00e1\u017ee zaujmout","url":"https:\/\/www.kalf.cz\/predsin-ktera-dokaze-zaujmout\/","datePublished":"2020-06-21","dateModified":"2023-05-05","mainEntityOfPage":"https:\/\/www.kalf.cz\/predsin-ktera-dokaze-zaujmout\/","author":{"@type":"Person","@id":"https:\/\/www.kalf.cz\/author\/#Person","name":"","url":"https:\/\/www.kalf.cz\/author\/","identifier":1,"image":{"@type":"ImageObject","@id":"https:\/\/secure.gravatar.com\/avatar\/f677d652d46d6437b40497bee38030612d53a3103b24904f519be33cae485306?s=96&d=mm&r=g","url":"https:\/\/secure.gravatar.com\/avatar\/f677d652d46d6437b40497bee38030612d53a3103b24904f519be33cae485306?s=96&d=mm&r=g","height":96,"width":96}},"publisher":{"@type":"Organization","name":"kalf.cz","logo":{"@type":"ImageObject","@id":"\/logo.png","url":"\/logo.png","width":600,"height":60}},"image":{"@type":"ImageObject","@id":"https:\/\/www.kalf.cz\/wp-content\/uploads\/vstup%20do%20bytu.jpg","url":"https:\/\/www.kalf.cz\/wp-content\/uploads\/vstup%20do%20bytu.jpg","height":0,"width":0},"wordCount":602,"keywords":null},{"@type":"Article","@id":"https:\/\/www.kalf.cz\/rady-na-internetu\/","headline":"Rady na internetu","url":"https:\/\/www.kalf.cz\/rady-na-internetu\/","datePublished":"2020-03-25","dateModified":"2020-03-25","mainEntityOfPage":"https:\/\/www.kalf.cz\/rady-na-internetu\/","author":{"@type":"Person","@id":"https:\/\/www.kalf.cz\/author\/#Person","name":"","url":"https:\/\/www.kalf.cz\/author\/","identifier":1,"image":{"@type":"ImageObject","@id":"https:\/\/secure.gravatar.com\/avatar\/f677d652d46d6437b40497bee38030612d53a3103b24904f519be33cae485306?s=96&d=mm&r=g","url":"https:\/\/secure.gravatar.com\/avatar\/f677d652d46d6437b40497bee38030612d53a3103b24904f519be33cae485306?s=96&d=mm&r=g","height":96,"width":96}},"publisher":{"@type":"Organization","name":"kalf.cz","logo":{"@type":"ImageObject","@id":"\/logo.png","url":"\/logo.png","width":600,"height":60}},"image":{"@type":"ImageObject","@id":"https:\/\/www.kalf.cz\/wp-content\/uploads\/img_a373390_w3289_t1584945992.jpg","url":"https:\/\/www.kalf.cz\/wp-content\/uploads\/img_a373390_w3289_t1584945992.jpg","height":0,"width":0},"wordCount":521,"keywords":null},{"@type":"Article","@id":"https:\/\/www.kalf.cz\/nejlepsi-prava-kridla-nasi-historie\/","headline":"Nejlep\u0161\u00ed prav\u00e1 k\u0159\u00eddla na\u0161\u00ed historie","url":"https:\/\/www.kalf.cz\/nejlepsi-prava-kridla-nasi-historie\/","datePublished":"2020-01-21","dateModified":"2023-05-05","mainEntityOfPage":"https:\/\/www.kalf.cz\/nejlepsi-prava-kridla-nasi-historie\/","author":{"@type":"Person","@id":"https:\/\/www.kalf.cz\/author\/#Person","name":"","url":"https:\/\/www.kalf.cz\/author\/","identifier":1,"image":{"@type":"ImageObject","@id":"https:\/\/secure.gravatar.com\/avatar\/f677d652d46d6437b40497bee38030612d53a3103b24904f519be33cae485306?s=96&d=mm&r=g","url":"https:\/\/secure.gravatar.com\/avatar\/f677d652d46d6437b40497bee38030612d53a3103b24904f519be33cae485306?s=96&d=mm&r=g","height":96,"width":96}},"publisher":{"@type":"Organization","name":"kalf.cz","logo":{"@type":"ImageObject","@id":"\/logo.png","url":"\/logo.png","width":600,"height":60}},"image":{"@type":"ImageObject","@id":"https:\/\/www.kalf.cz\/wp-content\/uploads\/img_a356433_w3292_t1570969343.png","url":"https:\/\/www.kalf.cz\/wp-content\/uploads\/img_a356433_w3292_t1570969343.png","height":0,"width":0},"wordCount":615,"keywords":null},{"@type":"Article","@id":"https:\/\/www.kalf.cz\/nakupovani-v-sekacich-ma-radu-vyhod\/","headline":"Nakupov\u00e1n\u00ed v sek\u00e1\u010d\u00edch m\u00e1 \u0159adu v\u00fdhod","url":"https:\/\/www.kalf.cz\/nakupovani-v-sekacich-ma-radu-vyhod\/","datePublished":"2019-12-23","dateModified":"2019-12-23","mainEntityOfPage":"https:\/\/www.kalf.cz\/nakupovani-v-sekacich-ma-radu-vyhod\/","author":{"@type":"Person","@id":"https:\/\/www.kalf.cz\/author\/#Person","name":"","url":"https:\/\/www.kalf.cz\/author\/","identifier":1,"image":{"@type":"ImageObject","@id":"https:\/\/secure.gravatar.com\/avatar\/f677d652d46d6437b40497bee38030612d53a3103b24904f519be33cae485306?s=96&d=mm&r=g","url":"https:\/\/secure.gravatar.com\/avatar\/f677d652d46d6437b40497bee38030612d53a3103b24904f519be33cae485306?s=96&d=mm&r=g","height":96,"width":96}},"publisher":{"@type":"Organization","name":"kalf.cz","logo":{"@type":"ImageObject","@id":"\/logo.png","url":"\/logo.png","width":600,"height":60}},"image":{"@type":"ImageObject","@id":"https:\/\/www.kalf.cz\/wp-content\/uploads\/img_a364552_w4181_t1577285853.jpg","url":"https:\/\/www.kalf.cz\/wp-content\/uploads\/img_a364552_w4181_t1577285853.jpg","height":0,"width":0},"wordCount":4699,"keywords":null},{"@type":"Article","@id":"https:\/\/www.kalf.cz\/i-vy-muzete-vycnivat-nad-ostatnimi\/","headline":"I vy m\u016f\u017eete vy\u010dn\u00edvat nad ostatn\u00edmi","url":"https:\/\/www.kalf.cz\/i-vy-muzete-vycnivat-nad-ostatnimi\/","datePublished":"2019-12-08","dateModified":"2019-12-08","mainEntityOfPage":"https:\/\/www.kalf.cz\/i-vy-muzete-vycnivat-nad-ostatnimi\/","author":{"@type":"Person","@id":"https:\/\/www.kalf.cz\/author\/#Person","name":"","url":"https:\/\/www.kalf.cz\/author\/","identifier":1,"image":{"@type":"ImageObject","@id":"https:\/\/secure.gravatar.com\/avatar\/f677d652d46d6437b40497bee38030612d53a3103b24904f519be33cae485306?s=96&d=mm&r=g","url":"https:\/\/secure.gravatar.com\/avatar\/f677d652d46d6437b40497bee38030612d53a3103b24904f519be33cae485306?s=96&d=mm&r=g","height":96,"width":96}},"publisher":{"@type":"Organization","name":"kalf.cz","logo":{"@type":"ImageObject","@id":"\/logo.png","url":"\/logo.png","width":600,"height":60}},"image":{"@type":"ImageObject","@id":"https:\/\/www.kalf.cz\/wp-content\/uploads\/img_a368673_w1756_t1580978824.jpg","url":"https:\/\/www.kalf.cz\/wp-content\/uploads\/img_a368673_w1756_t1580978824.jpg","height":0,"width":0},"wordCount":505,"keywords":null},{"@type":"Article","@id":"https:\/\/www.kalf.cz\/jake-vyhody-ma-dreveny-plot\/","headline":"Jak\u00e9 v\u00fdhody m\u00e1 d\u0159ev\u011bn\u00fd plot","url":"https:\/\/www.kalf.cz\/jake-vyhody-ma-dreveny-plot\/","datePublished":"2019-12-01","dateModified":"2019-12-01","mainEntityOfPage":"https:\/\/www.kalf.cz\/jake-vyhody-ma-dreveny-plot\/","author":{"@type":"Person","@id":"https:\/\/www.kalf.cz\/author\/#Person","name":"","url":"https:\/\/www.kalf.cz\/author\/","identifier":1,"image":{"@type":"ImageObject","@id":"https:\/\/secure.gravatar.com\/avatar\/f677d652d46d6437b40497bee38030612d53a3103b24904f519be33cae485306?s=96&d=mm&r=g","url":"https:\/\/secure.gravatar.com\/avatar\/f677d652d46d6437b40497bee38030612d53a3103b24904f519be33cae485306?s=96&d=mm&r=g","height":96,"width":96}},"publisher":{"@type":"Organization","name":"kalf.cz","logo":{"@type":"ImageObject","@id":"\/logo.png","url":"\/logo.png","width":600,"height":60}},"image":{"@type":"ImageObject","@id":"https:\/\/www.kalf.cz\/wp-content\/uploads\/img_a368210_w1690_t1580471045.jpg","url":"https:\/\/www.kalf.cz\/wp-content\/uploads\/img_a368210_w1690_t1580471045.jpg","height":0,"width":0},"wordCount":630,"keywords":null},{"@type":"Article","@id":"https:\/\/www.kalf.cz\/mandle-bychom-meli-jist-kazdy-den-proc-a-jak-si-je-doprat-loupane-nebo-se-slupkou\/","headline":"Mandle bychom m\u011bli j\u00edst ka\u017ed\u00fd den. Pro\u010d a jak si je dop\u0159\u00e1t? Loupan\u00e9 nebo se slupkou?","url":"https:\/\/www.kalf.cz\/mandle-bychom-meli-jist-kazdy-den-proc-a-jak-si-je-doprat-loupane-nebo-se-slupkou\/","datePublished":"2019-10-19","dateModified":"2023-05-05","mainEntityOfPage":"https:\/\/www.kalf.cz\/mandle-bychom-meli-jist-kazdy-den-proc-a-jak-si-je-doprat-loupane-nebo-se-slupkou\/","author":{"@type":"Person","@id":"https:\/\/www.kalf.cz\/author\/#Person","name":"","url":"https:\/\/www.kalf.cz\/author\/","identifier":1,"image":{"@type":"ImageObject","@id":"https:\/\/secure.gravatar.com\/avatar\/f677d652d46d6437b40497bee38030612d53a3103b24904f519be33cae485306?s=96&d=mm&r=g","url":"https:\/\/secure.gravatar.com\/avatar\/f677d652d46d6437b40497bee38030612d53a3103b24904f519be33cae485306?s=96&d=mm&r=g","height":96,"width":96}},"publisher":{"@type":"Organization","name":"kalf.cz","logo":{"@type":"ImageObject","@id":"\/logo.png","url":"\/logo.png","width":600,"height":60}},"image":{"@type":"ImageObject","@id":"https:\/\/www.kalf.cz\/wp-content\/uploads\/img_a373230_w2566_t1584625114.png","url":"https:\/\/www.kalf.cz\/wp-content\/uploads\/img_a373230_w2566_t1584625114.png","height":0,"width":0},"wordCount":491,"keywords":null},{"@type":"Article","@id":"https:\/\/www.kalf.cz\/uzijte-si-zivot-bez-zbytecnych-omezeni\/","headline":"U\u017eijte si \u017eivot bez zbyte\u010dn\u00fdch omezen\u00ed!","url":"https:\/\/www.kalf.cz\/uzijte-si-zivot-bez-zbytecnych-omezeni\/","datePublished":"2019-09-18","dateModified":"2023-05-05","mainEntityOfPage":"https:\/\/www.kalf.cz\/uzijte-si-zivot-bez-zbytecnych-omezeni\/","author":{"@type":"Person","@id":"https:\/\/www.kalf.cz\/author\/#Person","name":"","url":"https:\/\/www.kalf.cz\/author\/","identifier":1,"image":{"@type":"ImageObject","@id":"https:\/\/secure.gravatar.com\/avatar\/f677d652d46d6437b40497bee38030612d53a3103b24904f519be33cae485306?s=96&d=mm&r=g","url":"https:\/\/secure.gravatar.com\/avatar\/f677d652d46d6437b40497bee38030612d53a3103b24904f519be33cae485306?s=96&d=mm&r=g","height":96,"width":96}},"publisher":{"@type":"Organization","name":"kalf.cz","logo":{"@type":"ImageObject","@id":"\/logo.png","url":"\/logo.png","width":600,"height":60}},"image":{"@type":"ImageObject","@id":"https:\/\/www.kalf.cz\/wp-content\/uploads\/img_a346361_w1736_t1560505052.jpg","url":"https:\/\/www.kalf.cz\/wp-content\/uploads\/img_a346361_w1736_t1560505052.jpg","height":0,"width":0},"wordCount":513,"keywords":null},{"@type":"Article","@id":"https:\/\/www.kalf.cz\/na-jakou-pujcku-vsadit\/","headline":"Na jakou p\u016fj\u010dku vsadit?","url":"https:\/\/www.kalf.cz\/na-jakou-pujcku-vsadit\/","datePublished":"2019-09-16","dateModified":"2023-05-05","mainEntityOfPage":"https:\/\/www.kalf.cz\/na-jakou-pujcku-vsadit\/","author":{"@type":"Person","@id":"https:\/\/www.kalf.cz\/author\/#Person","name":"","url":"https:\/\/www.kalf.cz\/author\/","identifier":1,"image":{"@type":"ImageObject","@id":"https:\/\/secure.gravatar.com\/avatar\/f677d652d46d6437b40497bee38030612d53a3103b24904f519be33cae485306?s=96&d=mm&r=g","url":"https:\/\/secure.gravatar.com\/avatar\/f677d652d46d6437b40497bee38030612d53a3103b24904f519be33cae485306?s=96&d=mm&r=g","height":96,"width":96}},"publisher":{"@type":"Organization","name":"kalf.cz","logo":{"@type":"ImageObject","@id":"\/logo.png","url":"\/logo.png","width":600,"height":60}},"image":{"@type":"ImageObject","@id":"https:\/\/www.kalf.cz\/wp-content\/uploads\/img_a352333_w1740_t1566899441.jpg","url":"https:\/\/www.kalf.cz\/wp-content\/uploads\/img_a352333_w1740_t1566899441.jpg","height":0,"width":0},"wordCount":571,"keywords":null}]},{"@context":"https:\/\/schema.org","@type":"WebSite","@id":"https:\/\/www.kalf.cz\/#website","name":"Kalf","url":"https:\/\/www.kalf.cz","potentialAction":{"@type":"SearchAction","target":"https:\/\/www.kalf.cz\/?s={search_term_string}","query-input":"required name=search_term_string"}}]