[{"@context":"https:\/\/schema.org\/","@type":"Blog","@id":"https:\/\/www.kalf.cz#Blog","headline":"Kalf","description":"\nJsou i lid\u00e9, kte\u0159\u00ed jsou sk\u00e1lopevn\u011b p\u0159esv\u011bd\u010deni, \u017ee na na\u0161em webu l\u017eeme a podv\u00e1d\u00edme. Ale my se na n\u011b nezlob\u00edme. A p\u0159ejeme jim, aby se v bl\u00e1zinci, kde \u017eij\u00ed, brzy uzdravili.","url":"https:\/\/www.kalf.cz","hasPart":[{"@type":"Article","@id":"https:\/\/www.kalf.cz\/kdy-oslovit-pujcovnu-privesu\/","headline":"Kdy oslovit p\u016fj\u010dovnu p\u0159\u00edv\u011bs\u016f","url":"https:\/\/www.kalf.cz\/kdy-oslovit-pujcovnu-privesu\/","datePublished":"2021-01-16","dateModified":"2023-09-11","mainEntityOfPage":"https:\/\/www.kalf.cz\/kdy-oslovit-pujcovnu-privesu\/","author":{"@type":"Person","@id":"https:\/\/www.kalf.cz\/author\/#Person","name":"","url":"https:\/\/www.kalf.cz\/author\/","identifier":1,"image":{"@type":"ImageObject","@id":"https:\/\/secure.gravatar.com\/avatar\/f677d652d46d6437b40497bee38030612d53a3103b24904f519be33cae485306?s=96&d=mm&r=g","url":"https:\/\/secure.gravatar.com\/avatar\/f677d652d46d6437b40497bee38030612d53a3103b24904f519be33cae485306?s=96&d=mm&r=g","height":96,"width":96}},"publisher":{"@type":"Organization","name":"kalf.cz","logo":{"@type":"ImageObject","@id":"\/logo.png","url":"\/logo.png","width":600,"height":60}},"image":{"@type":"ImageObject","@id":"https:\/\/www.kalf.cz\/wp-content\/uploads\/zap%C5%AFj%C4%8Den%C3%BD%20p%C5%99%C3%ADv%C4%9Bs.jpg","url":"https:\/\/www.kalf.cz\/wp-content\/uploads\/zap%C5%AFj%C4%8Den%C3%BD%20p%C5%99%C3%ADv%C4%9Bs.jpg","height":0,"width":0},"wordCount":605,"keywords":null},{"@type":"Article","@id":"https:\/\/www.kalf.cz\/zprijemnit-si-bydleni-neni-zase-tak-tezke\/","headline":"Zp\u0159\u00edjemnit si bydlen\u00ed nen\u00ed zase tak t\u011b\u017ek\u00e9!","url":"https:\/\/www.kalf.cz\/zprijemnit-si-bydleni-neni-zase-tak-tezke\/","datePublished":"2020-12-20","dateModified":"2023-05-05","mainEntityOfPage":"https:\/\/www.kalf.cz\/zprijemnit-si-bydleni-neni-zase-tak-tezke\/","author":{"@type":"Person","@id":"https:\/\/www.kalf.cz\/author\/#Person","name":"","url":"https:\/\/www.kalf.cz\/author\/","identifier":1,"image":{"@type":"ImageObject","@id":"https:\/\/secure.gravatar.com\/avatar\/f677d652d46d6437b40497bee38030612d53a3103b24904f519be33cae485306?s=96&d=mm&r=g","url":"https:\/\/secure.gravatar.com\/avatar\/f677d652d46d6437b40497bee38030612d53a3103b24904f519be33cae485306?s=96&d=mm&r=g","height":96,"width":96}},"publisher":{"@type":"Organization","name":"kalf.cz","logo":{"@type":"ImageObject","@id":"\/logo.png","url":"\/logo.png","width":600,"height":60}},"image":{"@type":"ImageObject","@id":"https:\/\/www.kalf.cz\/wp-content\/uploads\/schodiste1_10_10_3.jpg","url":"https:\/\/www.kalf.cz\/wp-content\/uploads\/schodiste1_10_10_3.jpg","height":0,"width":0},"wordCount":486,"keywords":null},{"@type":"Article","@id":"https:\/\/www.kalf.cz\/neni-nutne-za-bydleni-platit-miliony\/","headline":"Nen\u00ed nutn\u00e9 za bydlen\u00ed platit miliony","url":"https:\/\/www.kalf.cz\/neni-nutne-za-bydleni-platit-miliony\/","datePublished":"2020-12-14","dateModified":"2023-05-05","mainEntityOfPage":"https:\/\/www.kalf.cz\/neni-nutne-za-bydleni-platit-miliony\/","author":{"@type":"Person","@id":"https:\/\/www.kalf.cz\/author\/#Person","name":"","url":"https:\/\/www.kalf.cz\/author\/","identifier":1,"image":{"@type":"ImageObject","@id":"https:\/\/secure.gravatar.com\/avatar\/f677d652d46d6437b40497bee38030612d53a3103b24904f519be33cae485306?s=96&d=mm&r=g","url":"https:\/\/secure.gravatar.com\/avatar\/f677d652d46d6437b40497bee38030612d53a3103b24904f519be33cae485306?s=96&d=mm&r=g","height":96,"width":96}},"publisher":{"@type":"Organization","name":"kalf.cz","logo":{"@type":"ImageObject","@id":"\/logo.png","url":"\/logo.png","width":600,"height":60}},"image":{"@type":"ImageObject","@id":"https:\/\/www.kalf.cz\/wp-content\/uploads\/Mal%C3%BD%20dome%C4%8Dek.jpg","url":"https:\/\/www.kalf.cz\/wp-content\/uploads\/Mal%C3%BD%20dome%C4%8Dek.jpg","height":0,"width":0},"wordCount":718,"keywords":null},{"@type":"Article","@id":"https:\/\/www.kalf.cz\/nedostacuje-navstevnost\/","headline":"Nedosta\u010duje n\u00e1v\u0161t\u011bvnost?","url":"https:\/\/www.kalf.cz\/nedostacuje-navstevnost\/","datePublished":"2020-11-29","dateModified":"2020-11-29","mainEntityOfPage":"https:\/\/www.kalf.cz\/nedostacuje-navstevnost\/","author":{"@type":"Person","@id":"https:\/\/www.kalf.cz\/author\/#Person","name":"","url":"https:\/\/www.kalf.cz\/author\/","identifier":1,"image":{"@type":"ImageObject","@id":"https:\/\/secure.gravatar.com\/avatar\/f677d652d46d6437b40497bee38030612d53a3103b24904f519be33cae485306?s=96&d=mm&r=g","url":"https:\/\/secure.gravatar.com\/avatar\/f677d652d46d6437b40497bee38030612d53a3103b24904f519be33cae485306?s=96&d=mm&r=g","height":96,"width":96}},"publisher":{"@type":"Organization","name":"kalf.cz","logo":{"@type":"ImageObject","@id":"\/logo.png","url":"\/logo.png","width":600,"height":60}},"image":{"@type":"ImageObject","@id":"https:\/\/www.kalf.cz\/wp-content\/uploads\/sm%C4%9Bry%20SEO.png","url":"https:\/\/www.kalf.cz\/wp-content\/uploads\/sm%C4%9Bry%20SEO.png","height":0,"width":0},"wordCount":632,"keywords":null},{"@type":"Article","@id":"https:\/\/www.kalf.cz\/obleceni-na-cviceni\/","headline":"Oble\u010den\u00ed na cvi\u010den\u00ed","url":"https:\/\/www.kalf.cz\/obleceni-na-cviceni\/","datePublished":"2020-10-19","dateModified":"2023-05-05","mainEntityOfPage":"https:\/\/www.kalf.cz\/obleceni-na-cviceni\/","author":{"@type":"Person","@id":"https:\/\/www.kalf.cz\/author\/#Person","name":"","url":"https:\/\/www.kalf.cz\/author\/","identifier":1,"image":{"@type":"ImageObject","@id":"https:\/\/secure.gravatar.com\/avatar\/f677d652d46d6437b40497bee38030612d53a3103b24904f519be33cae485306?s=96&d=mm&r=g","url":"https:\/\/secure.gravatar.com\/avatar\/f677d652d46d6437b40497bee38030612d53a3103b24904f519be33cae485306?s=96&d=mm&r=g","height":96,"width":96}},"publisher":{"@type":"Organization","name":"kalf.cz","logo":{"@type":"ImageObject","@id":"\/logo.png","url":"\/logo.png","width":600,"height":60}},"image":{"@type":"ImageObject","@id":"https:\/\/www.kalf.cz\/wp-content\/uploads\/p%C5%99itahov%C3%A1n%C3%AD%20k%20noh%C3%A1m.jpg","url":"https:\/\/www.kalf.cz\/wp-content\/uploads\/p%C5%99itahov%C3%A1n%C3%AD%20k%20noh%C3%A1m.jpg","height":0,"width":0},"wordCount":823,"keywords":null},{"@type":"Article","@id":"https:\/\/www.kalf.cz\/pro-koho-se-seo-optimalizace-www-praha-a-ppc-kampane-praha-prilis-nehodi\/","headline":"Pro koho se SEO optimalizace www Praha a PPC kampan\u011b Praha p\u0159\u00edli\u0161 nehod\u00ed?","url":"https:\/\/www.kalf.cz\/pro-koho-se-seo-optimalizace-www-praha-a-ppc-kampane-praha-prilis-nehodi\/","datePublished":"2020-09-24","dateModified":"2023-05-05","mainEntityOfPage":"https:\/\/www.kalf.cz\/pro-koho-se-seo-optimalizace-www-praha-a-ppc-kampane-praha-prilis-nehodi\/","author":{"@type":"Person","@id":"https:\/\/www.kalf.cz\/author\/#Person","name":"","url":"https:\/\/www.kalf.cz\/author\/","identifier":1,"image":{"@type":"ImageObject","@id":"https:\/\/secure.gravatar.com\/avatar\/f677d652d46d6437b40497bee38030612d53a3103b24904f519be33cae485306?s=96&d=mm&r=g","url":"https:\/\/secure.gravatar.com\/avatar\/f677d652d46d6437b40497bee38030612d53a3103b24904f519be33cae485306?s=96&d=mm&r=g","height":96,"width":96}},"publisher":{"@type":"Organization","name":"kalf.cz","logo":{"@type":"ImageObject","@id":"\/logo.png","url":"\/logo.png","width":600,"height":60}},"image":{"@type":"ImageObject","@id":"https:\/\/www.kalf.cz\/wp-content\/uploads\/img_a387421_w2566_t1601626282.png","url":"https:\/\/www.kalf.cz\/wp-content\/uploads\/img_a387421_w2566_t1601626282.png","height":0,"width":0},"wordCount":506,"keywords":null},{"@type":"Article","@id":"https:\/\/www.kalf.cz\/jak-postupovat-pri-vyberu-hypoteky\/","headline":"Jak postupovat p\u0159i v\u00fdb\u011bru hypot\u00e9ky?","url":"https:\/\/www.kalf.cz\/jak-postupovat-pri-vyberu-hypoteky\/","datePublished":"2020-09-20","dateModified":"2023-05-05","mainEntityOfPage":"https:\/\/www.kalf.cz\/jak-postupovat-pri-vyberu-hypoteky\/","author":{"@type":"Person","@id":"https:\/\/www.kalf.cz\/author\/#Person","name":"","url":"https:\/\/www.kalf.cz\/author\/","identifier":1,"image":{"@type":"ImageObject","@id":"https:\/\/secure.gravatar.com\/avatar\/f677d652d46d6437b40497bee38030612d53a3103b24904f519be33cae485306?s=96&d=mm&r=g","url":"https:\/\/secure.gravatar.com\/avatar\/f677d652d46d6437b40497bee38030612d53a3103b24904f519be33cae485306?s=96&d=mm&r=g","height":96,"width":96}},"publisher":{"@type":"Organization","name":"kalf.cz","logo":{"@type":"ImageObject","@id":"\/logo.png","url":"\/logo.png","width":600,"height":60}},"image":{"@type":"ImageObject","@id":"https:\/\/www.kalf.cz\/wp-content\/uploads\/kl%C3%AD%C4%8De%20v%20z%C3%A1mku_2.jpg","url":"https:\/\/www.kalf.cz\/wp-content\/uploads\/kl%C3%AD%C4%8De%20v%20z%C3%A1mku_2.jpg","height":0,"width":0},"wordCount":766,"keywords":null},{"@type":"Article","@id":"https:\/\/www.kalf.cz\/je-kliceni-mungo-fazoli-obizne\/","headline":"Je kl\u00ed\u010den\u00ed mungo fazol\u00ed ob\u00ed\u017en\u00e9?","url":"https:\/\/www.kalf.cz\/je-kliceni-mungo-fazoli-obizne\/","datePublished":"2020-09-08","dateModified":"2023-05-05","mainEntityOfPage":"https:\/\/www.kalf.cz\/je-kliceni-mungo-fazoli-obizne\/","author":{"@type":"Person","@id":"https:\/\/www.kalf.cz\/author\/#Person","name":"","url":"https:\/\/www.kalf.cz\/author\/","identifier":1,"image":{"@type":"ImageObject","@id":"https:\/\/secure.gravatar.com\/avatar\/f677d652d46d6437b40497bee38030612d53a3103b24904f519be33cae485306?s=96&d=mm&r=g","url":"https:\/\/secure.gravatar.com\/avatar\/f677d652d46d6437b40497bee38030612d53a3103b24904f519be33cae485306?s=96&d=mm&r=g","height":96,"width":96}},"publisher":{"@type":"Organization","name":"kalf.cz","logo":{"@type":"ImageObject","@id":"\/logo.png","url":"\/logo.png","width":600,"height":60}},"image":{"@type":"ImageObject","@id":"https:\/\/www.kalf.cz\/wp-content\/uploads\/mandle2_3.jpg","url":"https:\/\/www.kalf.cz\/wp-content\/uploads\/mandle2_3.jpg","height":0,"width":0},"wordCount":645,"keywords":null},{"@type":"Article","@id":"https:\/\/www.kalf.cz\/co-letos-dedeckovi-k-vanocum\/","headline":"Co letos d\u011bde\u010dkovi k V\u00e1noc\u016fm?","url":"https:\/\/www.kalf.cz\/co-letos-dedeckovi-k-vanocum\/","datePublished":"2020-08-25","dateModified":"2023-05-05","mainEntityOfPage":"https:\/\/www.kalf.cz\/co-letos-dedeckovi-k-vanocum\/","author":{"@type":"Person","@id":"https:\/\/www.kalf.cz\/author\/#Person","name":"","url":"https:\/\/www.kalf.cz\/author\/","identifier":1,"image":{"@type":"ImageObject","@id":"https:\/\/secure.gravatar.com\/avatar\/f677d652d46d6437b40497bee38030612d53a3103b24904f519be33cae485306?s=96&d=mm&r=g","url":"https:\/\/secure.gravatar.com\/avatar\/f677d652d46d6437b40497bee38030612d53a3103b24904f519be33cae485306?s=96&d=mm&r=g","height":96,"width":96}},"publisher":{"@type":"Organization","name":"kalf.cz","logo":{"@type":"ImageObject","@id":"\/logo.png","url":"\/logo.png","width":600,"height":60}},"image":{"@type":"ImageObject","@id":"https:\/\/www.kalf.cz\/wp-content\/uploads\/hot-air-balloon-1245927_960_720.jpg","url":"https:\/\/www.kalf.cz\/wp-content\/uploads\/hot-air-balloon-1245927_960_720.jpg","height":0,"width":0},"wordCount":696,"keywords":null},{"@type":"Article","@id":"https:\/\/www.kalf.cz\/vyjimecna-whisky\/","headline":"V\u00fdjime\u010dn\u00e1 whisky","url":"https:\/\/www.kalf.cz\/vyjimecna-whisky\/","datePublished":"2020-08-09","dateModified":"2023-05-05","mainEntityOfPage":"https:\/\/www.kalf.cz\/vyjimecna-whisky\/","author":{"@type":"Person","@id":"https:\/\/www.kalf.cz\/author\/#Person","name":"","url":"https:\/\/www.kalf.cz\/author\/","identifier":1,"image":{"@type":"ImageObject","@id":"https:\/\/secure.gravatar.com\/avatar\/f677d652d46d6437b40497bee38030612d53a3103b24904f519be33cae485306?s=96&d=mm&r=g","url":"https:\/\/secure.gravatar.com\/avatar\/f677d652d46d6437b40497bee38030612d53a3103b24904f519be33cae485306?s=96&d=mm&r=g","height":96,"width":96}},"publisher":{"@type":"Organization","name":"kalf.cz","logo":{"@type":"ImageObject","@id":"\/logo.png","url":"\/logo.png","width":600,"height":60}},"image":{"@type":"ImageObject","@id":"https:\/\/www.kalf.cz\/wp-content\/uploads\/slavn%C3%A9%20whisky.jpg","url":"https:\/\/www.kalf.cz\/wp-content\/uploads\/slavn%C3%A9%20whisky.jpg","height":0,"width":0},"wordCount":680,"keywords":null}]},{"@context":"https:\/\/schema.org","@type":"WebSite","@id":"https:\/\/www.kalf.cz\/#website","name":"Kalf","url":"https:\/\/www.kalf.cz","potentialAction":{"@type":"SearchAction","target":"https:\/\/www.kalf.cz\/?s={search_term_string}","query-input":"required name=search_term_string"}}]