[{"@context":"https:\/\/schema.org\/","@type":"Article","@id":"https:\/\/www.kalf.cz\/nase-nabidka-vas-zahreje-na-srdci\/#Article","mainEntityOfPage":"https:\/\/www.kalf.cz\/nase-nabidka-vas-zahreje-na-srdci\/","headline":"Na\u0161e nab\u00eddka V\u00e1s zah\u0159eje na srdci","name":"Na\u0161e nab\u00eddka V\u00e1s zah\u0159eje na srdci","description":"U\u017eijte si sv\u016fj den v doprovodu kvalitn\u00ed vod\u011bodoln\u00e9 \u0159asenky, nesl\u00edbateln\u00e9 rt\u011bnky i neviditeln\u00e9ho make-upu, kter\u00fd V\u00e1s u\u010din\u00ed neodolateln\u011b sv\u016fdn\u00fdmi \u017eenami. Nab\u00eddka kosmetick\u00e9ho \u0159et\u011bzce zna\u010dkov\u00fdch produkt\u016f oriflame je v\u0161ak zam\u011b\u0159ena tak\u00e9 na d\u011bti a mu\u017ee, kte\u0159\u00ed v produktov\u00e9m katalogu naleznou o\u0161et\u0159uj\u00edc\u00ed a pe\u010duj\u00edc\u00ed kosmetick\u00e9 p\u0159\u00edpravky na ple\u0165, vlasy i cel\u00e9 t\u011blo. Z\u00e1sobte sebe i sv\u00e9 bl\u00edzk\u00e9 [&hellip;]","datePublished":"2024-10-16","dateModified":"2024-10-16","author":{"@type":"Person","@id":"https:\/\/www.kalf.cz\/author\/#Person","name":"","url":"https:\/\/www.kalf.cz\/author\/","identifier":1,"image":{"@type":"ImageObject","@id":"https:\/\/secure.gravatar.com\/avatar\/f677d652d46d6437b40497bee38030612d53a3103b24904f519be33cae485306?s=96&d=mm&r=g","url":"https:\/\/secure.gravatar.com\/avatar\/f677d652d46d6437b40497bee38030612d53a3103b24904f519be33cae485306?s=96&d=mm&r=g","height":96,"width":96}},"publisher":{"@type":"Organization","name":"kalf.cz","logo":{"@type":"ImageObject","@id":"\/logo.png","url":"\/logo.png","width":600,"height":60}},"url":"https:\/\/www.kalf.cz\/nase-nabidka-vas-zahreje-na-srdci\/","wordCount":243,"articleBody":"\tU\u017eijte si sv\u016fj den v doprovodu kvalitn\u00ed vod\u011bodoln\u00e9 \u0159asenky, nesl\u00edbateln\u00e9 rt\u011bnky i neviditeln\u00e9ho make-upu, kter\u00fd V\u00e1s u\u010din\u00ed neodolateln\u011b sv\u016fdn\u00fdmi \u017eenami. Nab\u00eddka kosmetick\u00e9ho \u0159et\u011bzce zna\u010dkov\u00fdch produkt\u016f  oriflame je v\u0161ak zam\u011b\u0159ena tak\u00e9 na d\u011bti a mu\u017ee, kte\u0159\u00ed v produktov\u00e9m katalogu naleznou o\u0161et\u0159uj\u00edc\u00ed a pe\u010duj\u00edc\u00ed kosmetick\u00e9 p\u0159\u00edpravky na ple\u0165, vlasy i cel\u00e9 t\u011blo. Z\u00e1sobte sebe i sv\u00e9 bl\u00edzk\u00e9 rodinn\u00e9 p\u0159\u00edslu\u0161n\u00edky, p\u0159\u00e1tel\u00e9 i zn\u00e1m\u00e9 dostate\u010dnou d\u00e1vkou p\u0159\u00edpravk\u016f oriflame v praktick\u00e9m i d\u00e1rkov\u00e9m balen\u00ed, kter\u00e9 pot\u011b\u0161\u00ed ka\u017ed\u00e9ho bez rozd\u00edlu pohlav\u00ed, v\u011bku i z\u00e1jm\u016f.\tU n\u00e1s najdete sortiment nejvy\u0161\u0161\u00ed kvality\tV\u0161e, co naleznete na p\u0159ita\u017eliv\u00fdch str\u00e1nk\u00e1ch p\u016fsobiv\u00e9ho produktov\u00e9ho katalogu, je u\u0161ito na m\u00edru konkr\u00e9tn\u00edmu z\u00e1kazn\u00edkovi, kter\u00fd se m\u016f\u017ee individu\u00e1ln\u011b rozhodnout vstoupit do klubu oriflame a st\u00e1t se \u010dlenem prodejn\u00edho t\u00fdmu zna\u010dkov\u00fdch kosmetick\u00fdch produkt\u016f, je\u017e lze vyu\u017e\u00edt nejen k dotvo\u0159en\u00ed ka\u017edodenn\u00edho stylov\u00e9ho image, ale tak\u00e9 ke zkr\u00e1\u0161luj\u00edc\u00edm procedur\u00e1m pro zvl\u00e1\u0161\u0165 vz\u00e1cn\u00e9 p\u0159\u00edle\u017eitosti. Spousta osv\u011b\u017euj\u00edc\u00edch bonus\u016f a akc\u00ed \u010dek\u00e1 v souvislosti s n\u00e1kupem i prodejem zna\u010dkov\u00e9 kosmetiky pr\u00e1v\u011b na V\u00e1\u0161 z\u00e1jem.                                                                                                                                                                                                                                                                                                                                                                                         4.7\/5 - (3 votes)        "},{"@context":"https:\/\/schema.org\/","@type":"BreadcrumbList","itemListElement":[{"@type":"ListItem","position":1,"name":"Na\u0161e nab\u00eddka V\u00e1s zah\u0159eje na srdci","item":"https:\/\/www.kalf.cz\/nase-nabidka-vas-zahreje-na-srdci\/#breadcrumbitem"}]}]