[{"@context":"https:\/\/schema.org\/","@type":"Article","@id":"https:\/\/www.kalf.cz\/dovolena-ve-velkem-mederu-co-vy-na-to\/#Article","mainEntityOfPage":"https:\/\/www.kalf.cz\/dovolena-ve-velkem-mederu-co-vy-na-to\/","headline":"Dovolen\u00e1 ve Velk\u00e9m Mederu? Co vy na to?","name":"Dovolen\u00e1 ve Velk\u00e9m Mederu? Co vy na to?","description":"Velk\u00fd Meder je malebn\u00e9 m\u011bsto nach\u00e1zej\u00edc\u00ed se v ji\u017en\u00ed \u010d\u00e1sti Slovenska. Jeho n\u00e1v\u0161t\u011bvn\u00edci si mohou u\u017e\u00edt nejen bohat\u00e9 kulturn\u00ed d\u011bdictv\u00ed a p\u0159\u00edrodn\u00ed kr\u00e1sy, ale tak\u00e9 mohou vyu\u017e\u00edt mnoho mo\u017enost\u00ed pro odpo\u010dinek, co\u017e je pro ka\u017ed\u00e9ho velmi d\u016fle\u017eit\u00e9. Pokud pl\u00e1nujete n\u00e1v\u0161t\u011bvu Velk\u00e9ho Mederu a hled\u00e1te ubytov\u00e1n\u00ed, m\u00e1te na v\u00fdb\u011br hned z n\u011bkolika mo\u017enost\u00ed. Velk\u00fd Meder nab\u00edz\u00ed [&hellip;]","datePublished":"2023-02-13","dateModified":"2023-02-13","author":{"@type":"Person","@id":"https:\/\/www.kalf.cz\/author\/#Person","name":"","url":"https:\/\/www.kalf.cz\/author\/","identifier":1,"image":{"@type":"ImageObject","@id":"https:\/\/secure.gravatar.com\/avatar\/f677d652d46d6437b40497bee38030612d53a3103b24904f519be33cae485306?s=96&d=mm&r=g","url":"https:\/\/secure.gravatar.com\/avatar\/f677d652d46d6437b40497bee38030612d53a3103b24904f519be33cae485306?s=96&d=mm&r=g","height":96,"width":96}},"publisher":{"@type":"Organization","name":"kalf.cz","logo":{"@type":"ImageObject","@id":"\/logo.png","url":"\/logo.png","width":600,"height":60}},"image":{"@type":"ImageObject","@id":"https:\/\/www.kalf.cz\/wp-content\/uploads\/camera-1130731__340%20(2).jpg","url":"https:\/\/www.kalf.cz\/wp-content\/uploads\/camera-1130731__340%20(2).jpg","height":0,"width":0},"url":"https:\/\/www.kalf.cz\/dovolena-ve-velkem-mederu-co-vy-na-to\/","about":["Web"],"wordCount":423,"articleBody":"   Velk\u00fd Meder je malebn\u00e9 m\u011bsto nach\u00e1zej\u00edc\u00ed se v ji\u017en\u00ed \u010d\u00e1sti Slovenska. Jeho n\u00e1v\u0161t\u011bvn\u00edci si mohou u\u017e\u00edt nejen bohat\u00e9 kulturn\u00ed d\u011bdictv\u00ed a p\u0159\u00edrodn\u00ed kr\u00e1sy, ale tak\u00e9 mohou vyu\u017e\u00edt mnoho mo\u017enost\u00ed pro odpo\u010dinek, co\u017e je pro ka\u017ed\u00e9ho velmi d\u016fle\u017eit\u00e9. Pokud pl\u00e1nujete n\u00e1v\u0161t\u011bvu Velk\u00e9ho Mederu a hled\u00e1te ubytov\u00e1n\u00ed, m\u00e1te na v\u00fdb\u011br hned z n\u011bkolika mo\u017enost\u00ed.Velk\u00fd Meder nab\u00edz\u00ed mnoho hotel\u016f a penzion\u016f, kter\u00e9 jsou vhodn\u00e9 pro turisty, kte\u0159\u00ed hledaj\u00ed pohodln\u00e9 a komfortn\u00ed ubytov\u00e1n\u00ed. V t\u011bchto typech ubytov\u00e1n\u00ed se v\u00e1m nab\u00edz\u00ed v\u00fdb\u011br z r\u016fzn\u00fdch typ\u016f pokoj\u016f, od jednoduch\u00fdch a\u017e po luxusn\u00ed apartm\u00e1ny. Krom\u011b ubytov\u00e1n\u00ed mohou hotelov\u00e9 komplexy nab\u00edzet tak\u00e9 dal\u0161\u00ed slu\u017eby, jako nap\u0159\u00edklad wellness centra, baz\u00e9ny a fitness centra. Ur\u010dit\u011b se tedy nudit nebudete, nav\u00edc v\u011bt\u0161inou m\u00e1te mnoho aktivit v cen\u011b, tak\u017ee si u\u017eijete i samotn\u00fd hotel, pokud v\u00e1m dojdou aktivity venku. Pro turisty, kte\u0159\u00ed naopak cht\u011bj\u00ed za\u017e\u00edt dovolenou v p\u0159\u00edrod\u011b jsou ide\u00e1ln\u00ed volbou kempy a chatky. V okol\u00ed Velk\u00e9ho Mederu se nach\u00e1z\u00ed n\u011bkolik kemp\u016f, kter\u00e9 nab\u00edzej\u00ed ubytov\u00e1n\u00ed v karavanech, stanech nebo chatk\u00e1ch. Tyto ubytovac\u00ed mo\u017enosti jsou vhodn\u00e9 pro rodiny s d\u011btmi, nebo pro turisty, kte\u0159\u00ed cht\u011bj\u00ed str\u00e1vit dovolenou aktivn\u00edm zp\u016fsobem, nap\u0159\u00edklad cyklistikou nebo turistikou. Je to zkr\u00e1tka to prav\u00e9 o\u0159echov\u00e9 pro lidi, kte\u0159\u00ed cht\u011bj\u00ed za\u017e\u00edt dobrodru\u017estv\u00ed a okusit n\u011bco nov\u00e9ho. Av\u0161ak je tu mo\u017enost i pro ty, kte\u0159\u00ed preferuj\u00ed soukrom\u00ed a cht\u011bj\u00ed si u\u017e\u00edt klidnou a relaxa\u010dn\u00ed dovolenou. V tomto p\u0159\u00edpad\u011b jsou ide\u00e1ln\u00ed volbou soukrom\u00e9 pokoje a apartm\u00e1ny ve Velk\u00e9m Mederu. Tyto ubytovac\u00ed mo\u017enosti najdete v bl\u00edzkosti centra m\u011bsta, v okoln\u00edch vesnic\u00edch, a i na okraji t\u00e9to oblasti, zkr\u00e1tka v\u0161ude. V\u011bt\u0161inou jsou vybaveny vlastn\u00ed kuchy\u0148kou \u2013 nab\u00edz\u00ed v\u00e1m tak mo\u017enost vlastn\u00edho stravov\u00e1n\u00ed, co\u017e mnoho lid\u00ed preferuje (a my se jim nediv\u00edme). V ka\u017ed\u00e9m typu ubytov\u00e1n\u00ed si v\u0161ak m\u016f\u017eete u\u017e\u00edt pobyt pln\u00fd z\u00e1\u017eitk\u016f a aktivit. Velk\u00fd Meder je ide\u00e1ln\u00ed destinac\u00ed pro ty, kte\u0159\u00ed cht\u011bj\u00ed prozkoumat kr\u00e1sy ji\u017en\u00edho Slovenska a u\u017e\u00edt si dovolenou plnou z\u00e1bavy a relaxace.                                                                                                                                                                                                                                                                                                                                                                                          4.3\/5 - (6 votes)        "},{"@context":"https:\/\/schema.org\/","@type":"BreadcrumbList","itemListElement":[{"@type":"ListItem","position":1,"name":"Dovolen\u00e1 ve Velk\u00e9m Mederu? Co vy na to?","item":"https:\/\/www.kalf.cz\/dovolena-ve-velkem-mederu-co-vy-na-to\/#breadcrumbitem"}]}]